{"id":3399,"date":"2025-10-15T13:52:54","date_gmt":"2025-10-15T13:52:54","guid":{"rendered":"https:\/\/gruposilmag.com\/?p=3399"},"modified":"2025-10-15T15:10:00","modified_gmt":"2025-10-15T15:10:00","slug":"dia-mundial-del-lavado-de-manos-una-practica-esencial-en-cada-etapa-de-nuestro-trabajo","status":"publish","type":"post","link":"https:\/\/gruposilmag.com\/en\/2025\/10\/15\/dia-mundial-del-lavado-de-manos-una-practica-esencial-en-cada-etapa-de-nuestro-trabajo\/","title":{"rendered":"D\u00eda Mundial del Lavado de Manos: una pr\u00e1ctica esencial en cada etapa de nuestro trabajo"},"content":{"rendered":"<p><em>El <strong>15 de octubre<\/strong> se celebra el D\u00eda Mundial del Lavado de Manos, una fecha que busca concientizar sobre la importancia de esta pr\u00e1ctica simple pero fundamental para prevenir infecciones y proteger la salud.<\/em><\/p>\n\n\n\n<p>El lavado de manos es un procedimiento obligatorio y cotidiano en todos nuestros espacios productivos.<\/p>\n\n\n\n<p>Forma parte de nuestro compromiso con la calidad, la seguridad y el cumplimiento de las normas m\u00e1s exigentes del sector biom\u00e9dico.<\/p>\n\n\n\n<p>A continuaci\u00f3n, compartimos los pasos que seguimos en nuestro protocolo interno de lavado de manos:<\/p>\n\n\n\n<figure class=\"wp-block-embed is-type-video is-provider-youtube wp-block-embed-youtube wp-embed-aspect-16-9 wp-has-aspect-ratio\"><div class=\"wp-block-embed__wrapper\">\n<iframe title=\"D\u00eda Mundial del Lavado de Manos: una pr\u00e1ctica esencial en cada etapa de nuestro trabajo\" width=\"1200\" height=\"675\" src=\"https:\/\/www.youtube.com\/embed\/PpGxsaQv8uM?feature=oembed\" frameborder=\"0\" allow=\"accelerometer; autoplay; clipboard-write; encrypted-media; gyroscope; picture-in-picture; web-share\" referrerpolicy=\"strict-origin-when-cross-origin\" allowfullscreen><\/iframe>\n<\/div><\/figure>\n\n\n\n<p>El frotado debe durar al menos <strong>40 segundos<\/strong>, y la desinfecci\u00f3n posterior, con <strong>alcohol en gel<\/strong>, unos <strong>20 segundos<\/strong> o hasta que el producto se evapore por completo.<\/p>\n\n\n\n<p>Despu\u00e9s de secar las manos, realizamos la <strong>desinfecci\u00f3n con alcohol en gel<\/strong>, aplicando una cantidad suficiente para cubrir todas las superficies de manos y mu\u00f1ecas.<br>Durante este paso, se repiten los mismos movimientos que en el lavado con agua y jab\u00f3n:<\/p>\n\n\n\n<ul class=\"wp-block-list\">\n<li>Frotar palmas, dorsos, dedos entrelazados, pulgares y puntas de los dedos.<br><\/li>\n\n\n\n<li>Asegurar que el producto llegue a todas las zonas de la mano.<br><\/li>\n<\/ul>\n\n\n\n<p>Esta desinfecci\u00f3n complementaria refuerza la eliminaci\u00f3n de microorganismos y contribuye a mantener los est\u00e1ndares de higiene que caracterizan cada etapa de nuestra producci\u00f3n.<\/p>\n\n\n\n<p>Adem\u00e1s, reforzamos esta pr\u00e1ctica:<\/p>\n\n\n\n<ul class=\"wp-block-list\">\n<li>Antes de ingresar a \u00e1reas productivas.<br><\/li>\n\n\n\n<li>Antes de manipular productos.<br><\/li>\n\n\n\n<li>Luego de usar sanitarios o tomar contacto con materiales contaminados.<br><\/li>\n<\/ul>\n\n\n\n<p>El lavado de manos no solo es una rutina: es una forma de reafirmar, cada d\u00eda, nuestro compromiso con la seguridad del paciente y la calidad de nuestros productos.<\/p>\n\n\n\n<p><\/p>","protected":false},"excerpt":{"rendered":"<p>El 15 de octubre se celebra el D\u00eda Mundial del Lavado de Manos, una fecha que busca concientizar sobre la importancia de esta pr\u00e1ctica simple pero fundamental para prevenir infecciones y proteger la salud. El lavado de manos es un procedimiento obligatorio y cotidiano en todos nuestros espacios productivos. Forma parte&hellip;<\/p>","protected":false},"author":4,"featured_media":3403,"comment_status":"open","ping_status":"open","sticky":false,"template":"","format":"standard","meta":{"om_disable_all_campaigns":false,"_monsterinsights_skip_tracking":false,"_monsterinsights_sitenote_active":false,"_monsterinsights_sitenote_note":"","_monsterinsights_sitenote_category":0,"_uf_show_specific_survey":0,"_uf_disable_surveys":false,"footnotes":""},"categories":[85],"tags":[],"class_list":["post-3399","post","type-post","status-publish","format-standard","has-post-thumbnail","hentry","category-campus-silmag"],"aioseo_notices":[],"_links":{"self":[{"href":"https:\/\/gruposilmag.com\/en\/wp-json\/wp\/v2\/posts\/3399","targetHints":{"allow":["GET"]}}],"collection":[{"href":"https:\/\/gruposilmag.com\/en\/wp-json\/wp\/v2\/posts"}],"about":[{"href":"https:\/\/gruposilmag.com\/en\/wp-json\/wp\/v2\/types\/post"}],"author":[{"embeddable":true,"href":"https:\/\/gruposilmag.com\/en\/wp-json\/wp\/v2\/users\/4"}],"replies":[{"embeddable":true,"href":"https:\/\/gruposilmag.com\/en\/wp-json\/wp\/v2\/comments?post=3399"}],"version-history":[{"count":3,"href":"https:\/\/gruposilmag.com\/en\/wp-json\/wp\/v2\/posts\/3399\/revisions"}],"predecessor-version":[{"id":3405,"href":"https:\/\/gruposilmag.com\/en\/wp-json\/wp\/v2\/posts\/3399\/revisions\/3405"}],"wp:featuredmedia":[{"embeddable":true,"href":"https:\/\/gruposilmag.com\/en\/wp-json\/wp\/v2\/media\/3403"}],"wp:attachment":[{"href":"https:\/\/gruposilmag.com\/en\/wp-json\/wp\/v2\/media?parent=3399"}],"wp:term":[{"taxonomy":"category","embeddable":true,"href":"https:\/\/gruposilmag.com\/en\/wp-json\/wp\/v2\/categories?post=3399"},{"taxonomy":"post_tag","embeddable":true,"href":"https:\/\/gruposilmag.com\/en\/wp-json\/wp\/v2\/tags?post=3399"}],"curies":[{"name":"wp","href":"https:\/\/api.w.org\/{rel}","templated":true}]}}